{"id":734,"date":"2013-01-30T19:57:29","date_gmt":"2013-01-30T19:57:29","guid":{"rendered":"http:\/\/beratergruppeintegra.at\/?p=734"},"modified":"2013-12-04T16:03:57","modified_gmt":"2013-12-04T16:03:57","slug":"hilfreiches-aus-der-systemischen-strukturarbeit-fur-die-supervision","status":"publish","type":"post","link":"http:\/\/beratergruppeintegra.at\/?p=734","title":{"rendered":"Hilfreiches aus der systemischen Strukturarbeit  f\u00fcr die Supervision"},"content":{"rendered":"<p><strong><\/strong><a href=\"http:\/\/beratergruppeintegra.at\/wp-content\/uploads\/2013\/01\/DSCF32781.jpg\"><img loading=\"lazy\" class=\"alignnone size-large wp-image-762\" title=\"FB Syst. Strukturaufstellungen\" src=\"http:\/\/beratergruppeintegra.at\/wp-content\/uploads\/2013\/01\/DSCF32781-1024x797.jpg\" alt=\"\" width=\"640\" height=\"498\" srcset=\"http:\/\/beratergruppeintegra.at\/wp-content\/uploads\/2013\/01\/DSCF32781-1024x797.jpg 1024w, http:\/\/beratergruppeintegra.at\/wp-content\/uploads\/2013\/01\/DSCF32781-300x233.jpg 300w\" sizes=\"(max-width: 640px) 100vw, 640px\" \/><\/a>Systemische Strukturaufstellungen in der Supervision zeigen uns Haltungen und Handlungen, mit denen wir leichter zu passenden L\u00f6sungen gelangen.<\/p>\n<p>In diesen beiden Tagen werden wir uns hilfreiche Formate erschlie\u00dfen, wie z.B. die Supervisionsaufstellung, die Teamstruktur- und die Hierarchieebenenaufstellung sowie das Tetralemma. Wir \u201eerspielen\u201c uns die Systemischen Grunds\u00e4tze und Ausgleichsprinzipien und finden interessante Zug\u00e4nge zum Wertedreieck: Vertrauen, Struktur, Wissen\/Vision.<br \/>\nUnser \u201eLernmaterial\u201c sind die Themen der TeilnehmerInnen.<\/p>\n<p><strong>Referentin: <\/strong><strong>Dr. Renate Daimler<\/strong><strong><\/strong><br \/>\nSystemische Beraterin, Buchautorin, internationale Vortragende, Lehrtrainerin f\u00fcr Systemische Strukturaufstellungen am eigenen Institut EAST und anderen Institutionen, Universit\u00e4tslektorin. Basictraining und Masterclass bei Paul Rebillot (Heldenreise), Entwicklung und Gr\u00fcndung von Ver\u00e4nderungstheater <a title=\"blocked::http:\/\/www.renatedaimler.com\/\" href=\"http:\/\/www.renatedaimler.com\/\"><br \/>\nhttp:\/\/www.renatedaimler.com<\/a><\/p>\n<p><strong>Termin:<\/strong><br \/>\nFreitag 21. Juni 13, 9.00 Uhr bis<br \/>\nSamstag 22. Juni 13, 17.00 Uhr<\/p>\n<p><strong>Ort:<\/strong><br \/>\nLandgasthof Alpenblick<br \/>\nRohrach 8, 4202 Kirchschlag bei Linz<a href=\"mailto:info@hotelalpenblick.at\"><br \/>\ninfo@hotelalpenblick.at<\/a><\/p>\n<p>&nbsp;<\/p>\n","protected":false},"excerpt":{"rendered":"<p>Systemische Strukturaufstellungen in der Supervision zeigen uns Haltungen und Handlungen, mit denen wir leichter zu passenden L\u00f6sungen gelangen. In diesen beiden Tagen werden wir uns hilfreiche Formate erschlie\u00dfen, wie z.B. die Supervisionsaufstellung, die Teamstruktur- und die Hierarchieebenenaufstellung sowie das Tetralemma. &hellip; <a href=\"http:\/\/beratergruppeintegra.at\/?p=734\">Weiterlesen <span class=\"meta-nav\">&rarr;<\/span><\/a><\/p>\n","protected":false},"author":2,"featured_media":0,"comment_status":"closed","ping_status":"closed","sticky":false,"template":"","format":"standard","meta":[],"categories":[1],"tags":[],"_links":{"self":[{"href":"http:\/\/beratergruppeintegra.at\/index.php?rest_route=\/wp\/v2\/posts\/734"}],"collection":[{"href":"http:\/\/beratergruppeintegra.at\/index.php?rest_route=\/wp\/v2\/posts"}],"about":[{"href":"http:\/\/beratergruppeintegra.at\/index.php?rest_route=\/wp\/v2\/types\/post"}],"author":[{"embeddable":true,"href":"http:\/\/beratergruppeintegra.at\/index.php?rest_route=\/wp\/v2\/users\/2"}],"replies":[{"embeddable":true,"href":"http:\/\/beratergruppeintegra.at\/index.php?rest_route=%2Fwp%2Fv2%2Fcomments&post=734"}],"version-history":[{"count":7,"href":"http:\/\/beratergruppeintegra.at\/index.php?rest_route=\/wp\/v2\/posts\/734\/revisions"}],"predecessor-version":[{"id":737,"href":"http:\/\/beratergruppeintegra.at\/index.php?rest_route=\/wp\/v2\/posts\/734\/revisions\/737"}],"wp:attachment":[{"href":"http:\/\/beratergruppeintegra.at\/index.php?rest_route=%2Fwp%2Fv2%2Fmedia&parent=734"}],"wp:term":[{"taxonomy":"category","embeddable":true,"href":"http:\/\/beratergruppeintegra.at\/index.php?rest_route=%2Fwp%2Fv2%2Fcategories&post=734"},{"taxonomy":"post_tag","embeddable":true,"href":"http:\/\/beratergruppeintegra.at\/index.php?rest_route=%2Fwp%2Fv2%2Ftags&post=734"}],"curies":[{"name":"wp","href":"https:\/\/api.w.org\/{rel}","templated":true}]}}