{"id":801,"date":"2015-03-01T10:45:29","date_gmt":"2015-03-01T10:45:29","guid":{"rendered":"http:\/\/beratergruppeintegra.at\/?p=801"},"modified":"2015-03-01T12:09:54","modified_gmt":"2015-03-01T12:09:54","slug":"nagelprobe","status":"publish","type":"post","link":"http:\/\/beratergruppeintegra.at\/?p=801","title":{"rendered":"Nagelprobe"},"content":{"rendered":"<p><strong><em>SUPERVISION und HANDWERK \u00a0 \u00a0 \u00a0 \u00a0 \u00a0 \u00a0Schmieden ausprobieren<\/em><\/strong><\/p>\n<p><a href=\"http:\/\/beratergruppeintegra.at\/wp-content\/uploads\/2015\/03\/N\u00e4gel-22.jpg\"><img loading=\"lazy\" class=\"size-medium wp-image-810 alignleft\" title=\"N\u00e4gel am Amboss\" src=\"http:\/\/beratergruppeintegra.at\/wp-content\/uploads\/2015\/03\/N\u00e4gel-22-300x225.jpg\" alt=\"\" width=\"300\" height=\"225\" srcset=\"http:\/\/beratergruppeintegra.at\/wp-content\/uploads\/2015\/03\/N\u00e4gel-22-300x225.jpg 300w, http:\/\/beratergruppeintegra.at\/wp-content\/uploads\/2015\/03\/N\u00e4gel-22-1024x768.jpg 1024w, http:\/\/beratergruppeintegra.at\/wp-content\/uploads\/2015\/03\/N\u00e4gel-22.jpg 1600w\" sizes=\"(max-width: 300px) 100vw, 300px\" \/><\/a><\/p>\n<p><em>Wenn ein fahrender Geselle sich bei einem Schmied im Ort vorgestellt hat, hat sich der Meister von ihm einen Nagel schmieden lassen um zu sehen was er schon kann.<\/em><br \/>\n<em>Die Nagelprobe war praktisch der Ausweis f\u00fcr den fahrenden Schmied. Das Schmieden eines Nagels braucht alles, was das Handwerk hergibt: Feuer machen, das Eisen auf die richtige Temperatur bringen, das Breiten, L\u00e4ngen und Stauchen.<\/em><br \/>\n<em>Ein geschmiedeter Nagel ist bei uns keine Goldschmiedearbeit. Unsere individuellen N\u00e4gel machen eine massive, klassische, reversible Verbindung. Handgeschmiedete N\u00e4gel sind Objekte, die ruck zuck einen Platz und eine Verwendung finden &#8211; und sei es um den Hut draufzuh\u00e4ngen.<\/em><\/p>\n<p><a href=\"http:\/\/beratergruppeintegra.at\/wp-content\/uploads\/2015\/03\/RIMG36421.jpg\"><img loading=\"lazy\" class=\"alignright size-medium wp-image-817\" title=\"N\u00e4gel im Amboss-Stock\" src=\"http:\/\/beratergruppeintegra.at\/wp-content\/uploads\/2015\/03\/RIMG36421-300x225.jpg\" alt=\"\" width=\"300\" height=\"225\" srcset=\"http:\/\/beratergruppeintegra.at\/wp-content\/uploads\/2015\/03\/RIMG36421-300x225.jpg 300w, http:\/\/beratergruppeintegra.at\/wp-content\/uploads\/2015\/03\/RIMG36421-1024x768.jpg 1024w, http:\/\/beratergruppeintegra.at\/wp-content\/uploads\/2015\/03\/RIMG36421.jpg 1600w\" sizes=\"(max-width: 300px) 100vw, 300px\" \/><\/a>Unsere Nagelprobe dauert einen Tag. &#8211; Termin nach Vereinbarung!<br \/>\nWir treffen uns in einem traditionellen Familienbetrieb in St.Pantaleon-Erla bei St. Valentin. Mittag- und gemeinsames Abschlussessen bei der Wirtin nebenan (nicht inkludiert).<br \/>\n<span style=\"color: #ff0000;\">Zum Beispiel am 19.9.2015<br \/>\n<\/span><span style=\"color: #ff0000;\">9:30 &#8211; 12:30 und 14:00 &#8211; 16:00 Uhr<br \/>\n<\/span><span style=\"color: #ff0000;\">Kosten: 187 \u20ac\/Person<\/span><\/p>\n<p><span style=\"color: #ff0000;\">Anmeldung und Details: <\/span><span style=\"color: #ff0000;\"><strong>www.bitterernst.at\/kurse-courses\/nagelprobe<\/strong>\u00a0<\/span><\/p>\n<p style=\"text-align: justify;\"><a href=\"http:\/\/beratergruppeintegra.at\/wp-content\/uploads\/2015\/03\/Werkstatt-21.jpg\"><img loading=\"lazy\" class=\"alignleft size-medium wp-image-819\" title=\"Blick in die Werkstatt \" src=\"http:\/\/beratergruppeintegra.at\/wp-content\/uploads\/2015\/03\/Werkstatt-21-300x169.jpg\" alt=\"\" width=\"300\" height=\"169\" srcset=\"http:\/\/beratergruppeintegra.at\/wp-content\/uploads\/2015\/03\/Werkstatt-21-300x169.jpg 300w, http:\/\/beratergruppeintegra.at\/wp-content\/uploads\/2015\/03\/Werkstatt-21-1024x577.jpg 1024w\" sizes=\"(max-width: 300px) 100vw, 300px\" \/><\/a>Es begleiten:<br \/>\n<span style=\"color: #ff0000;\">Karl Schwediauer<\/span> (zu Hause in der Schmiede) und <span style=\"color: #ff0000;\">Klaus Kirchner<\/span> (sammelt Geschichten \u00fcbers Schmieden, vom Geruch nach Feuer und Eisen und \u00fcber Nagelproben\/Pr\u00fcfungen).<br \/>\nDas Angebot richtet sich nat\u00fcrlich an Frauen und M\u00e4nner, es ist auch als Teambuilding geeignet oder als Vorbereitung (mit supervisorischer Begleitung) auf Pr\u00fcfungssituationen.<\/p>\n<p>Die Schmiede liegt in der N\u00e4he von St. Valentin an der IC-Strecke Wien-Salzburg und ist st\u00fcndlich gut mit \u00f6ffentlichen Verkehrsmitteln erreichbar. Die Abholung vom Bahnhof in die Werkstatt wird von uns organisiert.<\/p>\n<p>&nbsp;<\/p>\n","protected":false},"excerpt":{"rendered":"<p>SUPERVISION und HANDWERK \u00a0 \u00a0 \u00a0 \u00a0 \u00a0 \u00a0Schmieden ausprobieren Wenn ein fahrender Geselle sich bei einem Schmied im Ort vorgestellt hat, hat sich der Meister von ihm einen Nagel schmieden lassen um zu sehen was er schon kann. Die &hellip; <a href=\"http:\/\/beratergruppeintegra.at\/?p=801\">Weiterlesen <span class=\"meta-nav\">&rarr;<\/span><\/a><\/p>\n","protected":false},"author":2,"featured_media":0,"comment_status":"closed","ping_status":"closed","sticky":false,"template":"","format":"standard","meta":[],"categories":[1],"tags":[9],"_links":{"self":[{"href":"http:\/\/beratergruppeintegra.at\/index.php?rest_route=\/wp\/v2\/posts\/801"}],"collection":[{"href":"http:\/\/beratergruppeintegra.at\/index.php?rest_route=\/wp\/v2\/posts"}],"about":[{"href":"http:\/\/beratergruppeintegra.at\/index.php?rest_route=\/wp\/v2\/types\/post"}],"author":[{"embeddable":true,"href":"http:\/\/beratergruppeintegra.at\/index.php?rest_route=\/wp\/v2\/users\/2"}],"replies":[{"embeddable":true,"href":"http:\/\/beratergruppeintegra.at\/index.php?rest_route=%2Fwp%2Fv2%2Fcomments&post=801"}],"version-history":[{"count":11,"href":"http:\/\/beratergruppeintegra.at\/index.php?rest_route=\/wp\/v2\/posts\/801\/revisions"}],"predecessor-version":[{"id":808,"href":"http:\/\/beratergruppeintegra.at\/index.php?rest_route=\/wp\/v2\/posts\/801\/revisions\/808"}],"wp:attachment":[{"href":"http:\/\/beratergruppeintegra.at\/index.php?rest_route=%2Fwp%2Fv2%2Fmedia&parent=801"}],"wp:term":[{"taxonomy":"category","embeddable":true,"href":"http:\/\/beratergruppeintegra.at\/index.php?rest_route=%2Fwp%2Fv2%2Fcategories&post=801"},{"taxonomy":"post_tag","embeddable":true,"href":"http:\/\/beratergruppeintegra.at\/index.php?rest_route=%2Fwp%2Fv2%2Ftags&post=801"}],"curies":[{"name":"wp","href":"https:\/\/api.w.org\/{rel}","templated":true}]}}